{"id":1001,"date":"2026-02-23T19:53:50","date_gmt":"2026-02-23T19:53:50","guid":{"rendered":"https:\/\/www.apartmaloucna.cz\/?p=1001"},"modified":"2026-02-23T20:11:19","modified_gmt":"2026-02-23T20:11:19","slug":"1001","status":"publish","type":"post","link":"https:\/\/www.apartmaloucna.cz\/index.php\/2026\/02\/23\/1001\/","title":{"rendered":""},"content":{"rendered":"<h3>V\u00edtejte na internetov\u00fdch str\u00e1nk\u00e1ch Apartma FARA.<\/h3>\n<p data-start=\"106\" data-end=\"279\">P\u0159ije\u010fte si odpo\u010dinout a u\u017e\u00edt dovolenou v p\u0159\u00edjemn\u00e9m ubytov\u00e1n\u00ed v srdci Jesen\u00edk\u016f. Dop\u0159ejte si klid, kr\u00e1snou p\u0159\u00edrodu i aktivn\u00ed vy\u017eit\u00ed \u2013 sv\u016fj pobyt si m\u016f\u017eete rezervovat u\u017e nyn\u00ed. Apartm\u00e1n FARA se nach\u00e1z\u00ed v obci Lou\u010dn\u00e1 nad Desnou, kter\u00e1 pat\u0159\u00ed mezi velmi vyhled\u00e1van\u00e9 turistick\u00e9 lokality. Obec je dob\u0159e ob\u010dansky vybaven\u00e1 a nab\u00edz\u00ed \u0161irok\u00e9 mo\u017enosti rekreace i sportovn\u00edho vy\u017eit\u00ed \u2013 horskou turistiku, ly\u017eov\u00e1n\u00ed, term\u00e1ln\u00ed l\u00e1zn\u011b s wellness, historick\u00e9 pam\u00e1tky a mnoho dal\u0161\u00edho.<\/p>\n<p data-start=\"570\" data-end=\"840\">Pln\u011b vybaven\u00fd podkrovn\u00ed apartm\u00e1n 1+kk mezonetov\u00e9ho typu je ide\u00e1ln\u00ed pro pohodln\u00fd pobyt 4 osob. V mezonetu se nach\u00e1zej\u00ed dv\u011b man\u017eelsk\u00e9 postele, kter\u00e9 zaji\u0161\u0165uj\u00ed komfortn\u00ed span\u00ed. V obytn\u00e9 \u010d\u00e1sti je nav\u00edc k dispozici rozkl\u00e1dac\u00ed pohovka jako dopl\u0148kov\u00e1 mo\u017enost span\u00ed pro 1 osobu.<\/p>\n<p data-start=\"842\" data-end=\"986\">V t\u011bsn\u00e9 bl\u00edzkosti se nach\u00e1z\u00ed restaurace FARA, kter\u00e1 p\u0159\u00edmo navazuje na apartm\u00e1nov\u00fd d\u016fm a nab\u00edz\u00ed pohodln\u00e9 mo\u017enosti stravov\u00e1n\u00ed b\u011bhem va\u0161eho pobytu.<\/p>\n<p>&nbsp;<\/p>\n<h3><span style=\"color: #339966;\">NOVINKA: m\u00e1me pro v\u00e1s promo k\u00f3d na slevu p\u0159i zakoupen\u00ed skipasu v are\u00e1lu Kouty<img decoding=\"async\" class=\"emoji\" role=\"img\" draggable=\"false\" src=\"https:\/\/s.w.org\/images\/core\/emoji\/17.0.2\/svg\/26f7.svg\" alt=\"\u26f7\"><\/span><\/h3>\n<p>&nbsp;<\/p>\n<p class=\"has-text-color has-medium-font-size has-very-dark-gray-color\">&nbsp;<\/p>\n","protected":false},"excerpt":{"rendered":"<p>V\u00edtejte na internetov\u00fdch str\u00e1nk\u00e1ch Apartma FARA. P\u0159ije\u010fte si odpo\u010dinout a u\u017e\u00edt dovolenou v p\u0159\u00edjemn\u00e9m ubytov\u00e1n\u00ed v srdci Jesen\u00edk\u016f. Dop\u0159ejte si klid, kr\u00e1snou p\u0159\u00edrodu i aktivn\u00ed vy\u017eit\u00ed \u2013 sv\u016fj pobyt si m\u016f\u017eete rezervovat u\u017e nyn\u00ed. Apartm\u00e1n FARA se nach\u00e1z\u00ed v obci<\/p>\n","protected":false},"author":1,"featured_media":0,"comment_status":"open","ping_status":"open","sticky":false,"template":"","format":"standard","meta":{"ngg_post_thumbnail":0,"footnotes":""},"categories":[1],"tags":[],"class_list":["post-1001","post","type-post","status-publish","format-standard","hentry","category-uncategorized"],"_links":{"self":[{"href":"https:\/\/www.apartmaloucna.cz\/index.php\/wp-json\/wp\/v2\/posts\/1001","targetHints":{"allow":["GET"]}}],"collection":[{"href":"https:\/\/www.apartmaloucna.cz\/index.php\/wp-json\/wp\/v2\/posts"}],"about":[{"href":"https:\/\/www.apartmaloucna.cz\/index.php\/wp-json\/wp\/v2\/types\/post"}],"author":[{"embeddable":true,"href":"https:\/\/www.apartmaloucna.cz\/index.php\/wp-json\/wp\/v2\/users\/1"}],"replies":[{"embeddable":true,"href":"https:\/\/www.apartmaloucna.cz\/index.php\/wp-json\/wp\/v2\/comments?post=1001"}],"version-history":[{"count":6,"href":"https:\/\/www.apartmaloucna.cz\/index.php\/wp-json\/wp\/v2\/posts\/1001\/revisions"}],"predecessor-version":[{"id":1007,"href":"https:\/\/www.apartmaloucna.cz\/index.php\/wp-json\/wp\/v2\/posts\/1001\/revisions\/1007"}],"wp:attachment":[{"href":"https:\/\/www.apartmaloucna.cz\/index.php\/wp-json\/wp\/v2\/media?parent=1001"}],"wp:term":[{"taxonomy":"category","embeddable":true,"href":"https:\/\/www.apartmaloucna.cz\/index.php\/wp-json\/wp\/v2\/categories?post=1001"},{"taxonomy":"post_tag","embeddable":true,"href":"https:\/\/www.apartmaloucna.cz\/index.php\/wp-json\/wp\/v2\/tags?post=1001"}],"curies":[{"name":"wp","href":"https:\/\/api.w.org\/{rel}","templated":true}]}}